{"id":4060,"date":"2022-10-08T22:00:26","date_gmt":"2022-10-08T22:00:26","guid":{"rendered":"https:\/\/cartasonorademallorca.com\/carta-sonora-de-mallorca-una-presentacio\/"},"modified":"2024-06-11T05:33:21","modified_gmt":"2024-06-11T05:33:21","slug":"carta-sonora-de-mallorca-una-presentacio","status":"publish","type":"post","link":"https:\/\/cartasonorademallorca.com\/es\/carta-sonora-de-mallorca-una-presentacio\/","title":{"rendered":"Carta Sonora de Mallorca. Una presentaci\u00f3"},"content":{"rendered":"<p><em>Carta Sonora de Mallorca <\/em>\u00e9s un projecte en l\u00ednia que vol fer difusi\u00f3 dels paisatges sonors de l\u2019illa amb l\u2019ajut que proporcionen les noves tecnologies actuals. Un plantejament de base de dades que ha de permetre als usuaris apropar-se i explorar esdeveniments sonors del passat, coneixent les localitzacions concretes en qu\u00e8 se situa cada paisatge aix\u00ed com les persones, o altres agents, que els produeixen. Aquestes informacions s\u00f3n presentades de manera cartogr\u00e0fica, a sobre d\u2019un mapa, que ens permet con\u00e8ixer les relacions espacials entre els diferents esdeveniments, que tamb\u00e9 s\u00f3n presentats sobre d\u2019un eix cronol\u00f2gic. Tot aix\u00f2, ampliat amb material fotogr\u00e0fic, pict\u00f2ric I audiovisual, pret\u00e9n oferir a l\u2019usuari una experi\u00e8ncia tan immersiva i integradora com sigui possible amb la intenci\u00f3 d\u2019ajudar a una millor comprensi\u00f3 del fet sonor, musical i de l\u2019activitat art\u00edstica, cultural, econ\u00f2mica i social a Mallorca, establint un di\u00e0leg est\u00e8tic i intel\u00b7lectual amb la historia sensorial auditiva mitjan\u00e7ant un enfocament interdisciplinari que ajunta els estudis de la musicologia urbana, l\u2019antropologia i altres \u00e0rees com la hist\u00f2ria cultural i la hist\u00f2ria de l\u2019art.<\/p>\n<p>&nbsp;<\/p>\n<p>Aquest portal t\u00e9 la intenci\u00f3 de convertir-se en una eina metodol\u00f2gica de refer\u00e8ncia per a music\u00f2legs i investigadors del fet sonor com tamb\u00e9 per a institucions educatives i relacionades amb la difusi\u00f3 cultural, facilitant l\u2019apropament de les fonts de coneixement fruits de la recerca acad\u00e8mica i el coneixement p\u00fablic.<\/p>\n<p>&nbsp;<\/p>\n<p>Citar: Ballester Coll, J.A. (2022) &#8220;Carta Sonora de Mallorca. Una presentaci\u00f3&#8221; a:\u00a0<em>Carta Sonora de Mallorca<\/em> [<a href=\"https:\/\/cartasonorademallorca.com\/es\/carta-sonora-de-mallorca-una-presentacio\/\">https:\/\/cartasonorademallorca.com\/carta-sonora-de-mallorca-una-presentacio<\/a>]<\/p>\n","protected":false},"excerpt":{"rendered":"<p>Carta Sonora de Mallorca \u00e9s un projecte en l\u00ednia que vol fer difusi\u00f3 dels paisatges sonors de l\u2019illa amb l\u2019ajut que proporcionen les noves tecnologies actuals. Un plantejament de base de dades que ha de permetre als usuaris apropar-se i explorar esdeveniments sonors del passat, coneixent les localitzacions concretes en qu\u00e8 se situa cada paisatge [&hellip;]<\/p>\n","protected":false},"author":1,"featured_media":1829,"comment_status":"closed","ping_status":"open","sticky":false,"template":"","format":"standard","meta":{"_acf_changed":false,"footnotes":""},"categories":[67],"tags":[],"class_list":["post-4060","post","type-post","status-publish","format-standard","has-post-thumbnail","hentry","category-sin-categorizar"],"acf":[],"yoast_head":"<!-- This site is optimized with the Yoast SEO plugin v27.4 - https:\/\/yoast.com\/product\/yoast-seo-wordpress\/ -->\n<title>Carta Sonora de Mallorca. Una presentaci\u00f3 - Carta Sonora de Mallorca<\/title>\n<meta name=\"robots\" content=\"index, follow, max-snippet:-1, max-image-preview:large, max-video-preview:-1\" \/>\n<link rel=\"canonical\" href=\"https:\/\/cartasonorademallorca.com\/es\/carta-sonora-de-mallorca-una-presentacio\/\" \/>\n<meta property=\"og:locale\" content=\"es_ES\" \/>\n<meta property=\"og:type\" content=\"article\" \/>\n<meta property=\"og:title\" content=\"Carta Sonora de Mallorca. Una presentaci\u00f3 - Carta Sonora de Mallorca\" \/>\n<meta property=\"og:description\" content=\"Carta Sonora de Mallorca \u00e9s un projecte en l\u00ednia que vol fer difusi\u00f3 dels paisatges sonors de l\u2019illa amb l\u2019ajut que proporcionen les noves tecnologies actuals. Un plantejament de base de dades que ha de permetre als usuaris apropar-se i explorar esdeveniments sonors del passat, coneixent les localitzacions concretes en qu\u00e8 se situa cada paisatge [&hellip;]\" \/>\n<meta property=\"og:url\" content=\"https:\/\/cartasonorademallorca.com\/es\/carta-sonora-de-mallorca-una-presentacio\/\" \/>\n<meta property=\"og:site_name\" content=\"Carta Sonora de Mallorca\" \/>\n<meta property=\"article:published_time\" content=\"2022-10-08T22:00:26+00:00\" \/>\n<meta property=\"article:modified_time\" content=\"2024-06-11T05:33:21+00:00\" \/>\n<meta property=\"og:image\" content=\"https:\/\/cartasonorademallorca.com\/wp-content\/uploads\/2022\/08\/cropped-favicon-1.png\" \/>\n\t<meta property=\"og:image:width\" content=\"512\" \/>\n\t<meta property=\"og:image:height\" content=\"512\" \/>\n\t<meta property=\"og:image:type\" content=\"image\/png\" \/>\n<meta name=\"author\" content=\"admin\" \/>\n<meta name=\"twitter:card\" content=\"summary_large_image\" \/>\n<meta name=\"twitter:label1\" content=\"Written by\" \/>\n\t<meta name=\"twitter:data1\" content=\"admin\" \/>\n\t<meta name=\"twitter:label2\" content=\"Est. reading time\" \/>\n\t<meta name=\"twitter:data2\" content=\"2 minutes\" \/>\n<script type=\"application\/ld+json\" class=\"yoast-schema-graph\">{\"@context\":\"https:\\\/\\\/schema.org\",\"@graph\":[{\"@type\":\"Article\",\"@id\":\"https:\\\/\\\/cartasonorademallorca.com\\\/es\\\/carta-sonora-de-mallorca-una-presentacio\\\/#article\",\"isPartOf\":{\"@id\":\"https:\\\/\\\/cartasonorademallorca.com\\\/es\\\/carta-sonora-de-mallorca-una-presentacio\\\/\"},\"author\":{\"name\":\"admin\",\"@id\":\"https:\\\/\\\/cartasonorademallorca.com\\\/es\\\/#\\\/schema\\\/person\\\/c584bef5a11eb748055e737ba1f7b07f\"},\"headline\":\"Carta Sonora de Mallorca. Una presentaci\u00f3\",\"datePublished\":\"2022-10-08T22:00:26+00:00\",\"dateModified\":\"2024-06-11T05:33:21+00:00\",\"mainEntityOfPage\":{\"@id\":\"https:\\\/\\\/cartasonorademallorca.com\\\/es\\\/carta-sonora-de-mallorca-una-presentacio\\\/\"},\"wordCount\":285,\"image\":{\"@id\":\"https:\\\/\\\/cartasonorademallorca.com\\\/es\\\/carta-sonora-de-mallorca-una-presentacio\\\/#primaryimage\"},\"thumbnailUrl\":\"https:\\\/\\\/cartasonorademallorca.com\\\/wp-content\\\/uploads\\\/2022\\\/08\\\/cropped-favicon-1.png\",\"articleSection\":[\"Sin categorizar\"],\"inLanguage\":\"es-ES\"},{\"@type\":\"WebPage\",\"@id\":\"https:\\\/\\\/cartasonorademallorca.com\\\/es\\\/carta-sonora-de-mallorca-una-presentacio\\\/\",\"url\":\"https:\\\/\\\/cartasonorademallorca.com\\\/es\\\/carta-sonora-de-mallorca-una-presentacio\\\/\",\"name\":\"Carta Sonora de Mallorca. Una presentaci\u00f3 - Carta Sonora de Mallorca\",\"isPartOf\":{\"@id\":\"https:\\\/\\\/cartasonorademallorca.com\\\/es\\\/#website\"},\"primaryImageOfPage\":{\"@id\":\"https:\\\/\\\/cartasonorademallorca.com\\\/es\\\/carta-sonora-de-mallorca-una-presentacio\\\/#primaryimage\"},\"image\":{\"@id\":\"https:\\\/\\\/cartasonorademallorca.com\\\/es\\\/carta-sonora-de-mallorca-una-presentacio\\\/#primaryimage\"},\"thumbnailUrl\":\"https:\\\/\\\/cartasonorademallorca.com\\\/wp-content\\\/uploads\\\/2022\\\/08\\\/cropped-favicon-1.png\",\"datePublished\":\"2022-10-08T22:00:26+00:00\",\"dateModified\":\"2024-06-11T05:33:21+00:00\",\"author\":{\"@id\":\"https:\\\/\\\/cartasonorademallorca.com\\\/es\\\/#\\\/schema\\\/person\\\/c584bef5a11eb748055e737ba1f7b07f\"},\"breadcrumb\":{\"@id\":\"https:\\\/\\\/cartasonorademallorca.com\\\/es\\\/carta-sonora-de-mallorca-una-presentacio\\\/#breadcrumb\"},\"inLanguage\":\"es-ES\",\"potentialAction\":[{\"@type\":\"ReadAction\",\"target\":[\"https:\\\/\\\/cartasonorademallorca.com\\\/es\\\/carta-sonora-de-mallorca-una-presentacio\\\/\"]}]},{\"@type\":\"ImageObject\",\"inLanguage\":\"es-ES\",\"@id\":\"https:\\\/\\\/cartasonorademallorca.com\\\/es\\\/carta-sonora-de-mallorca-una-presentacio\\\/#primaryimage\",\"url\":\"https:\\\/\\\/cartasonorademallorca.com\\\/wp-content\\\/uploads\\\/2022\\\/08\\\/cropped-favicon-1.png\",\"contentUrl\":\"https:\\\/\\\/cartasonorademallorca.com\\\/wp-content\\\/uploads\\\/2022\\\/08\\\/cropped-favicon-1.png\",\"width\":512,\"height\":512},{\"@type\":\"BreadcrumbList\",\"@id\":\"https:\\\/\\\/cartasonorademallorca.com\\\/es\\\/carta-sonora-de-mallorca-una-presentacio\\\/#breadcrumb\",\"itemListElement\":[{\"@type\":\"ListItem\",\"position\":1,\"name\":\"Portada\",\"item\":\"https:\\\/\\\/cartasonorademallorca.com\\\/es\\\/\"},{\"@type\":\"ListItem\",\"position\":2,\"name\":\"Carta Sonora de Mallorca. Una presentaci\u00f3\"}]},{\"@type\":\"WebSite\",\"@id\":\"https:\\\/\\\/cartasonorademallorca.com\\\/es\\\/#website\",\"url\":\"https:\\\/\\\/cartasonorademallorca.com\\\/es\\\/\",\"name\":\"Carta Sonora de Mallorca\",\"description\":\"\",\"potentialAction\":[{\"@type\":\"SearchAction\",\"target\":{\"@type\":\"EntryPoint\",\"urlTemplate\":\"https:\\\/\\\/cartasonorademallorca.com\\\/es\\\/?s={search_term_string}\"},\"query-input\":{\"@type\":\"PropertyValueSpecification\",\"valueRequired\":true,\"valueName\":\"search_term_string\"}}],\"inLanguage\":\"es-ES\"},{\"@type\":\"Person\",\"@id\":\"https:\\\/\\\/cartasonorademallorca.com\\\/es\\\/#\\\/schema\\\/person\\\/c584bef5a11eb748055e737ba1f7b07f\",\"name\":\"admin\",\"image\":{\"@type\":\"ImageObject\",\"inLanguage\":\"es-ES\",\"@id\":\"https:\\\/\\\/secure.gravatar.com\\\/avatar\\\/3ee979a6f52dc1b79dd0fa9bf8961a5540c6e73e635fa735a6e2876485a53ea7?s=96&d=mm&r=g\",\"url\":\"https:\\\/\\\/secure.gravatar.com\\\/avatar\\\/3ee979a6f52dc1b79dd0fa9bf8961a5540c6e73e635fa735a6e2876485a53ea7?s=96&d=mm&r=g\",\"contentUrl\":\"https:\\\/\\\/secure.gravatar.com\\\/avatar\\\/3ee979a6f52dc1b79dd0fa9bf8961a5540c6e73e635fa735a6e2876485a53ea7?s=96&d=mm&r=g\",\"caption\":\"admin\"},\"sameAs\":[\"https:\\\/\\\/cartasonorademallorca.com\"],\"url\":\"https:\\\/\\\/cartasonorademallorca.com\\\/es\\\/author\\\/info_ccfad6ws\\\/\"}]}<\/script>\n<!-- \/ Yoast SEO plugin. -->","yoast_head_json":{"title":"Carta Sonora de Mallorca. Una presentaci\u00f3 - Carta Sonora de Mallorca","robots":{"index":"index","follow":"follow","max-snippet":"max-snippet:-1","max-image-preview":"max-image-preview:large","max-video-preview":"max-video-preview:-1"},"canonical":"https:\/\/cartasonorademallorca.com\/es\/carta-sonora-de-mallorca-una-presentacio\/","og_locale":"es_ES","og_type":"article","og_title":"Carta Sonora de Mallorca. Una presentaci\u00f3 - Carta Sonora de Mallorca","og_description":"Carta Sonora de Mallorca \u00e9s un projecte en l\u00ednia que vol fer difusi\u00f3 dels paisatges sonors de l\u2019illa amb l\u2019ajut que proporcionen les noves tecnologies actuals. Un plantejament de base de dades que ha de permetre als usuaris apropar-se i explorar esdeveniments sonors del passat, coneixent les localitzacions concretes en qu\u00e8 se situa cada paisatge [&hellip;]","og_url":"https:\/\/cartasonorademallorca.com\/es\/carta-sonora-de-mallorca-una-presentacio\/","og_site_name":"Carta Sonora de Mallorca","article_published_time":"2022-10-08T22:00:26+00:00","article_modified_time":"2024-06-11T05:33:21+00:00","og_image":[{"width":512,"height":512,"url":"https:\/\/cartasonorademallorca.com\/wp-content\/uploads\/2022\/08\/cropped-favicon-1.png","type":"image\/png"}],"author":"admin","twitter_card":"summary_large_image","twitter_misc":{"Written by":"admin","Est. reading time":"2 minutes"},"schema":{"@context":"https:\/\/schema.org","@graph":[{"@type":"Article","@id":"https:\/\/cartasonorademallorca.com\/es\/carta-sonora-de-mallorca-una-presentacio\/#article","isPartOf":{"@id":"https:\/\/cartasonorademallorca.com\/es\/carta-sonora-de-mallorca-una-presentacio\/"},"author":{"name":"admin","@id":"https:\/\/cartasonorademallorca.com\/es\/#\/schema\/person\/c584bef5a11eb748055e737ba1f7b07f"},"headline":"Carta Sonora de Mallorca. Una presentaci\u00f3","datePublished":"2022-10-08T22:00:26+00:00","dateModified":"2024-06-11T05:33:21+00:00","mainEntityOfPage":{"@id":"https:\/\/cartasonorademallorca.com\/es\/carta-sonora-de-mallorca-una-presentacio\/"},"wordCount":285,"image":{"@id":"https:\/\/cartasonorademallorca.com\/es\/carta-sonora-de-mallorca-una-presentacio\/#primaryimage"},"thumbnailUrl":"https:\/\/cartasonorademallorca.com\/wp-content\/uploads\/2022\/08\/cropped-favicon-1.png","articleSection":["Sin categorizar"],"inLanguage":"es-ES"},{"@type":"WebPage","@id":"https:\/\/cartasonorademallorca.com\/es\/carta-sonora-de-mallorca-una-presentacio\/","url":"https:\/\/cartasonorademallorca.com\/es\/carta-sonora-de-mallorca-una-presentacio\/","name":"Carta Sonora de Mallorca. Una presentaci\u00f3 - Carta Sonora de Mallorca","isPartOf":{"@id":"https:\/\/cartasonorademallorca.com\/es\/#website"},"primaryImageOfPage":{"@id":"https:\/\/cartasonorademallorca.com\/es\/carta-sonora-de-mallorca-una-presentacio\/#primaryimage"},"image":{"@id":"https:\/\/cartasonorademallorca.com\/es\/carta-sonora-de-mallorca-una-presentacio\/#primaryimage"},"thumbnailUrl":"https:\/\/cartasonorademallorca.com\/wp-content\/uploads\/2022\/08\/cropped-favicon-1.png","datePublished":"2022-10-08T22:00:26+00:00","dateModified":"2024-06-11T05:33:21+00:00","author":{"@id":"https:\/\/cartasonorademallorca.com\/es\/#\/schema\/person\/c584bef5a11eb748055e737ba1f7b07f"},"breadcrumb":{"@id":"https:\/\/cartasonorademallorca.com\/es\/carta-sonora-de-mallorca-una-presentacio\/#breadcrumb"},"inLanguage":"es-ES","potentialAction":[{"@type":"ReadAction","target":["https:\/\/cartasonorademallorca.com\/es\/carta-sonora-de-mallorca-una-presentacio\/"]}]},{"@type":"ImageObject","inLanguage":"es-ES","@id":"https:\/\/cartasonorademallorca.com\/es\/carta-sonora-de-mallorca-una-presentacio\/#primaryimage","url":"https:\/\/cartasonorademallorca.com\/wp-content\/uploads\/2022\/08\/cropped-favicon-1.png","contentUrl":"https:\/\/cartasonorademallorca.com\/wp-content\/uploads\/2022\/08\/cropped-favicon-1.png","width":512,"height":512},{"@type":"BreadcrumbList","@id":"https:\/\/cartasonorademallorca.com\/es\/carta-sonora-de-mallorca-una-presentacio\/#breadcrumb","itemListElement":[{"@type":"ListItem","position":1,"name":"Portada","item":"https:\/\/cartasonorademallorca.com\/es\/"},{"@type":"ListItem","position":2,"name":"Carta Sonora de Mallorca. Una presentaci\u00f3"}]},{"@type":"WebSite","@id":"https:\/\/cartasonorademallorca.com\/es\/#website","url":"https:\/\/cartasonorademallorca.com\/es\/","name":"Carta Sonora de Mallorca","description":"","potentialAction":[{"@type":"SearchAction","target":{"@type":"EntryPoint","urlTemplate":"https:\/\/cartasonorademallorca.com\/es\/?s={search_term_string}"},"query-input":{"@type":"PropertyValueSpecification","valueRequired":true,"valueName":"search_term_string"}}],"inLanguage":"es-ES"},{"@type":"Person","@id":"https:\/\/cartasonorademallorca.com\/es\/#\/schema\/person\/c584bef5a11eb748055e737ba1f7b07f","name":"admin","image":{"@type":"ImageObject","inLanguage":"es-ES","@id":"https:\/\/secure.gravatar.com\/avatar\/3ee979a6f52dc1b79dd0fa9bf8961a5540c6e73e635fa735a6e2876485a53ea7?s=96&d=mm&r=g","url":"https:\/\/secure.gravatar.com\/avatar\/3ee979a6f52dc1b79dd0fa9bf8961a5540c6e73e635fa735a6e2876485a53ea7?s=96&d=mm&r=g","contentUrl":"https:\/\/secure.gravatar.com\/avatar\/3ee979a6f52dc1b79dd0fa9bf8961a5540c6e73e635fa735a6e2876485a53ea7?s=96&d=mm&r=g","caption":"admin"},"sameAs":["https:\/\/cartasonorademallorca.com"],"url":"https:\/\/cartasonorademallorca.com\/es\/author\/info_ccfad6ws\/"}]}},"_links":{"self":[{"href":"https:\/\/cartasonorademallorca.com\/es\/wp-json\/wp\/v2\/posts\/4060","targetHints":{"allow":["GET"]}}],"collection":[{"href":"https:\/\/cartasonorademallorca.com\/es\/wp-json\/wp\/v2\/posts"}],"about":[{"href":"https:\/\/cartasonorademallorca.com\/es\/wp-json\/wp\/v2\/types\/post"}],"author":[{"embeddable":true,"href":"https:\/\/cartasonorademallorca.com\/es\/wp-json\/wp\/v2\/users\/1"}],"replies":[{"embeddable":true,"href":"https:\/\/cartasonorademallorca.com\/es\/wp-json\/wp\/v2\/comments?post=4060"}],"version-history":[{"count":1,"href":"https:\/\/cartasonorademallorca.com\/es\/wp-json\/wp\/v2\/posts\/4060\/revisions"}],"predecessor-version":[{"id":4062,"href":"https:\/\/cartasonorademallorca.com\/es\/wp-json\/wp\/v2\/posts\/4060\/revisions\/4062"}],"wp:featuredmedia":[{"embeddable":true,"href":"https:\/\/cartasonorademallorca.com\/es\/wp-json\/wp\/v2\/media\/1829"}],"wp:attachment":[{"href":"https:\/\/cartasonorademallorca.com\/es\/wp-json\/wp\/v2\/media?parent=4060"}],"wp:term":[{"taxonomy":"category","embeddable":true,"href":"https:\/\/cartasonorademallorca.com\/es\/wp-json\/wp\/v2\/categories?post=4060"},{"taxonomy":"post_tag","embeddable":true,"href":"https:\/\/cartasonorademallorca.com\/es\/wp-json\/wp\/v2\/tags?post=4060"}],"curies":[{"name":"wp","href":"https:\/\/api.w.org\/{rel}","templated":true}]}}